{"id":1284,"date":"2023-07-04T10:26:27","date_gmt":"2023-07-04T13:26:27","guid":{"rendered":"https:\/\/observatorioelectoral.uncoma.edu.ar\/?p=1284"},"modified":"2023-07-04T10:48:42","modified_gmt":"2023-07-04T13:48:42","slug":"elecciones-en-cutral-co-y-plaza-huincul","status":"publish","type":"post","link":"https:\/\/observatorioelectoral.uncoma.edu.ar\/?p=1284","title":{"rendered":"Elecciones en Cutral-Co y Plaza Huincul"},"content":{"rendered":"\n<p>El Observatorio Electoral de la UNCo ha sido autorizado para realizar las tareas de observaci\u00f3n de los comicios que se realizar\u00e1n el pr\u00f3ximo 23\/7 en las ciudades de Cutral-Co y Plaza Huincul.<br><br><strong>Observaciones en audiencias previas<\/strong><br>El Observatorio Electoral de la Unco estuvo presente en la audiencia de m\u00e1quina para las elecciones de Cutral-Co realizada el 03\/07 en el Centro Cultural de la ciudad. La audiencia fue dirigida por la Jueza de Faltas Dra.\u00a0Ana\u00a0Stempin que preside la Junta Electoral, un referente de la empresa MSA conectado por video-conferencia y la participaci\u00f3n de apoderados\/as de las 20 listas.<br>En la din\u00e1mica de la audiencia, cada apoderado\/a pudo constatar las fotos, logos y nombres que aparecen el la pantalla.<\/p>\n\n\n\n<figure class=\"wp-block-image size-full is-style-default\"><img loading=\"lazy\" decoding=\"async\" width=\"1280\" height=\"576\" src=\"https:\/\/observatorioelectoral.uncoma.edu.ar\/wp-content\/uploads\/2023\/07\/photo1688473817.jpeg\" alt=\"\" class=\"wp-image-1285\" srcset=\"https:\/\/observatorioelectoral.uncoma.edu.ar\/wp-content\/uploads\/2023\/07\/photo1688473817.jpeg 1280w, https:\/\/observatorioelectoral.uncoma.edu.ar\/wp-content\/uploads\/2023\/07\/photo1688473817-768x345.jpeg 768w, https:\/\/observatorioelectoral.uncoma.edu.ar\/wp-content\/uploads\/2023\/07\/photo1688473817-1612x725.jpeg 1612w, https:\/\/observatorioelectoral.uncoma.edu.ar\/wp-content\/uploads\/2023\/07\/photo1688473817-1116x502.jpeg 1116w, https:\/\/observatorioelectoral.uncoma.edu.ar\/wp-content\/uploads\/2023\/07\/photo1688473817-806x362.jpeg 806w, https:\/\/observatorioelectoral.uncoma.edu.ar\/wp-content\/uploads\/2023\/07\/photo1688473817-558x251.jpeg 558w, https:\/\/observatorioelectoral.uncoma.edu.ar\/wp-content\/uploads\/2023\/07\/photo1688473817-655x294.jpeg 655w\" sizes=\"auto, (max-width: 1280px) 100vw, 1280px\" \/><\/figure>\n\n\n\n<p>La oferta electoral para intendente\/a y consejales\/as se presenta en una matriz de 5 columnas por 4 filas<br>con 20 posibles listas a seleccionar. De las cuales hay:<br>\u2013 13 listas llevan a Garc\u00eda Cevallos como candidato a intendente,<br>\u2013 6 listas llevan a Rioseco  como candidato a intendente,<br>\u2013 1 listas llevan a Herrera como candidata a intendenta<br><br>El equipo del Observatorio Electoral detecta y reporta la superposici\u00f3n de  nombres y n\u00fameros de listas en la pantalla de alto contraste como muestra la siguiente figura  (este error tambi\u00e9n fue reportado en las pasadas elecciones para gobernador de Neuqu\u00e9n).<\/p>\n\n\n\n<figure class=\"wp-block-image size-full is-style-default\"><img loading=\"lazy\" decoding=\"async\" width=\"1280\" height=\"576\" src=\"https:\/\/observatorioelectoral.uncoma.edu.ar\/wp-content\/uploads\/2023\/07\/photo1688473817-1.jpeg\" alt=\"\" class=\"wp-image-1286\" srcset=\"https:\/\/observatorioelectoral.uncoma.edu.ar\/wp-content\/uploads\/2023\/07\/photo1688473817-1.jpeg 1280w, https:\/\/observatorioelectoral.uncoma.edu.ar\/wp-content\/uploads\/2023\/07\/photo1688473817-1-768x345.jpeg 768w, https:\/\/observatorioelectoral.uncoma.edu.ar\/wp-content\/uploads\/2023\/07\/photo1688473817-1-1612x725.jpeg 1612w, https:\/\/observatorioelectoral.uncoma.edu.ar\/wp-content\/uploads\/2023\/07\/photo1688473817-1-1116x502.jpeg 1116w, https:\/\/observatorioelectoral.uncoma.edu.ar\/wp-content\/uploads\/2023\/07\/photo1688473817-1-806x362.jpeg 806w, https:\/\/observatorioelectoral.uncoma.edu.ar\/wp-content\/uploads\/2023\/07\/photo1688473817-1-558x251.jpeg 558w, https:\/\/observatorioelectoral.uncoma.edu.ar\/wp-content\/uploads\/2023\/07\/photo1688473817-1-655x294.jpeg 655w\" sizes=\"auto, (max-width: 1280px) 100vw, 1280px\" \/><\/figure>\n\n\n\n<p><br><strong>Convocatoria a voluntarios\/as<\/strong><br>La tarea es sencilla, pero muy importante para cuidar la calidad de las elecciones:<br>\u2013 En la misma escuela en la que vot\u00e1s (u otra que te de quede cerca) y en alguno de los turnos que elijas (cuando empieza la elecci\u00f3n, al mediod\u00eda o para el conteo de votos), deber\u00e1s completar un formulario con una lista de aspectos a observar, para lo cual recibir\u00e1s una capacitaci\u00f3n.<br>\u2013 No es necesario tener estudios previos. Se trata solo de observar, de manera silenciosa, sin intervenir, dialogar u opinar.<\/p>\n\n\n\n<p>ANOTATE, que tu participaci\u00f3n es muy importante. Pod\u00e9s inscribirte ac\u00e1:&nbsp;<a rel=\"noreferrer noopener\" href=\"https:\/\/forms.gle\/Ha5qzY7YXBPiTxuv9\" target=\"_blank\">https:\/\/forms.gle\/Ha5qzY7YXBPiTxuv9<\/a>&nbsp;o llamar\/mensaje al 2944 594321 \u00a1Te esperamos!<br><\/p>\n\n\n\n<p><br><\/p>\n","protected":false},"excerpt":{"rendered":"<p>El Observatorio Electoral de la UNCo ha sido autorizado para realizar las tareas de observaci\u00f3n de los comicios que se realizar\u00e1n el pr\u00f3ximo 23\/7 en las ciudades de Cutral-Co y Plaza Huincul. Observaciones en audiencias previasEl Observatorio Electoral de la Unco estuvo presente en la audiencia de m\u00e1quina para las elecciones de Cutral-Co realizada el [&hellip;]<\/p>\n","protected":false},"author":2,"featured_media":1287,"comment_status":"open","ping_status":"open","sticky":false,"template":"","format":"standard","meta":{"footnotes":""},"categories":[23],"tags":[],"class_list":["post-1284","post","type-post","status-publish","format-standard","has-post-thumbnail","hentry","category-elecciones-2023"],"_links":{"self":[{"href":"https:\/\/observatorioelectoral.uncoma.edu.ar\/index.php?rest_route=\/wp\/v2\/posts\/1284","targetHints":{"allow":["GET"]}}],"collection":[{"href":"https:\/\/observatorioelectoral.uncoma.edu.ar\/index.php?rest_route=\/wp\/v2\/posts"}],"about":[{"href":"https:\/\/observatorioelectoral.uncoma.edu.ar\/index.php?rest_route=\/wp\/v2\/types\/post"}],"author":[{"embeddable":true,"href":"https:\/\/observatorioelectoral.uncoma.edu.ar\/index.php?rest_route=\/wp\/v2\/users\/2"}],"replies":[{"embeddable":true,"href":"https:\/\/observatorioelectoral.uncoma.edu.ar\/index.php?rest_route=%2Fwp%2Fv2%2Fcomments&post=1284"}],"version-history":[{"count":8,"href":"https:\/\/observatorioelectoral.uncoma.edu.ar\/index.php?rest_route=\/wp\/v2\/posts\/1284\/revisions"}],"predecessor-version":[{"id":1298,"href":"https:\/\/observatorioelectoral.uncoma.edu.ar\/index.php?rest_route=\/wp\/v2\/posts\/1284\/revisions\/1298"}],"wp:featuredmedia":[{"embeddable":true,"href":"https:\/\/observatorioelectoral.uncoma.edu.ar\/index.php?rest_route=\/wp\/v2\/media\/1287"}],"wp:attachment":[{"href":"https:\/\/observatorioelectoral.uncoma.edu.ar\/index.php?rest_route=%2Fwp%2Fv2%2Fmedia&parent=1284"}],"wp:term":[{"taxonomy":"category","embeddable":true,"href":"https:\/\/observatorioelectoral.uncoma.edu.ar\/index.php?rest_route=%2Fwp%2Fv2%2Fcategories&post=1284"},{"taxonomy":"post_tag","embeddable":true,"href":"https:\/\/observatorioelectoral.uncoma.edu.ar\/index.php?rest_route=%2Fwp%2Fv2%2Ftags&post=1284"}],"curies":[{"name":"wp","href":"https:\/\/api.w.org\/{rel}","templated":true}]}}